{"id":1163,"date":"2021-10-19T16:02:47","date_gmt":"2021-10-19T14:02:47","guid":{"rendered":"https:\/\/petrhervy.com\/?p=1163"},"modified":"2023-01-19T20:21:10","modified_gmt":"2023-01-19T19:21:10","slug":"leni-kuba-netradicni-svatba-plna-emoci","status":"publish","type":"post","link":"https:\/\/petrhervy.com\/en\/leni-kuba-netradicni-svatba-plna-emoci\/","title":{"rendered":"Leni &#038; Kuba"},"content":{"rendered":"<p>Pro\u010d netradi\u010dn\u00ed?<\/p>\n<p>Proto\u017ee si Leni a Kuba ud\u011blali svatbu po sv\u00e9m! A to vn\u00edm\u00e1m st\u00e1le jako netradi\u010dn\u00ed na \u010desk\u00e9 pom\u011bry. Byli (a jsou) skv\u011bl\u00ed, pln\u00ed l\u00e1sky. Maj\u00ed kolem sebe p\u0159\u00e1tele, p\u0159ed kter\u00fdmi nic neskr\u00fdvaj\u00ed. Jejich svatbu jsem vn\u00edmal opravdu jako oslavu l\u00e1sky v cel\u00e9 sv\u00e9 kr\u00e1se.<\/p>\n<p>A <em>safra<\/em> m\u011bli <strong>sliby<\/strong>! A <em>hellyeah<\/em> <strong>poslali si navz\u00e1jem dopisy<\/strong> p\u0159ed ob\u0159adem!<\/p>\n<p>Mrkn\u011bte na n\u011b:<\/p>\n<p><center><iframe src=\"https:\/\/www.youtube.com\/embed\/\/SpQH4tEw1lY?rel=0&amp;showinfo=0\" width=\"620\" height=\"350\" frameborder=\"0\" allowfullscreen=\"allowfullscreen\"><\/iframe><\/center>Mus\u00edm p\u0159iznat, \u017ee m\u011b takov\u00e9 svatby fascinuj\u00ed a vyhled\u00e1v\u00e1m p\u00e1ry, kter\u00e9 se toho neboj\u00ed. Nen\u00ed pot\u0159eba m\u00edt v\u0161echny tradice sv\u011bta, kdy\u017e v\u00e1m ned\u00e1vaj\u00ed smysl, sta\u010d\u00ed d\u011blat to, co v\u00e1s bav\u00ed a l\u00edb\u00ed se v\u00e1m. Z Leni a Kuby jsem m\u011bl p\u0159esn\u011b ten pocit, \u017ee si svou veselku ud\u011blali p\u0159esn\u011b tak, jak si p\u0159\u00e1li. Od lokace, \u0161at\u016f, tradic, po ve\u010dern\u00ed p\u0159ekvapen\u00ed a pohodu, kter\u00e1 cel\u00fd den panovala.<\/p>\n<p>Svatba je o lidech a tady se mi to op\u011bt potvrdilo! Douf\u00e1m, \u017ee jsem zachytil p\u0159esn\u011b ty momenty, na kter\u00e9 budou v\u0161ichni vzpom\u00ednat i za deset, dvacet let. Na lidi a co s nimi za\u017eili &lt;3<\/p>\n<p>Cel\u00e1 svatba (koncept, design, koordinace, produkce) pod taktovkou: <a href=\"https:\/\/www.weddingfacotry.cz\/\" target=\"_blank\" rel=\"noopener nofollow\">Wedding Factory<\/a><br \/>\nKolega ve zbrani, fotograf se mnou ten den byl: <a href=\"https:\/\/vyjimecnymoment.cz\/\" target=\"_blank\" rel=\"noopener nofollow\">V\u00fdjime\u010dn\u00fd Kuba<\/a> \ud83d\ude42<br \/>\nKv\u011btiny: <a href=\"https:\/\/www.boho-svatba.cz\/\" target=\"_blank\" rel=\"noopener nofollow\">Boho Svatba<\/a><br \/>\nLokace: Dv\u016fr Tuchotice<\/p>\n<p>\u2764<\/p>","protected":false},"excerpt":{"rendered":"<p>Netradi\u010dn\u00ed svatba pln\u00e1 emoc\u00ed<\/p>","protected":false},"author":1,"featured_media":2045,"comment_status":"open","ping_status":"open","sticky":false,"template":"","format":"standard","meta":{"_acf_changed":false,"footnotes":""},"categories":[20,21,4],"tags":[],"class_list":["post-1163","post","type-post","status-publish","format-standard","has-post-thumbnail","hentry","category-svatby","category-svatebni-video","category-video"],"acf":[],"_links":{"self":[{"href":"https:\/\/petrhervy.com\/en\/wp-json\/wp\/v2\/posts\/1163","targetHints":{"allow":["GET"]}}],"collection":[{"href":"https:\/\/petrhervy.com\/en\/wp-json\/wp\/v2\/posts"}],"about":[{"href":"https:\/\/petrhervy.com\/en\/wp-json\/wp\/v2\/types\/post"}],"author":[{"embeddable":true,"href":"https:\/\/petrhervy.com\/en\/wp-json\/wp\/v2\/users\/1"}],"replies":[{"embeddable":true,"href":"https:\/\/petrhervy.com\/en\/wp-json\/wp\/v2\/comments?post=1163"}],"version-history":[{"count":4,"href":"https:\/\/petrhervy.com\/en\/wp-json\/wp\/v2\/posts\/1163\/revisions"}],"predecessor-version":[{"id":1168,"href":"https:\/\/petrhervy.com\/en\/wp-json\/wp\/v2\/posts\/1163\/revisions\/1168"}],"wp:featuredmedia":[{"embeddable":true,"href":"https:\/\/petrhervy.com\/en\/wp-json\/wp\/v2\/media\/2045"}],"wp:attachment":[{"href":"https:\/\/petrhervy.com\/en\/wp-json\/wp\/v2\/media?parent=1163"}],"wp:term":[{"taxonomy":"category","embeddable":true,"href":"https:\/\/petrhervy.com\/en\/wp-json\/wp\/v2\/categories?post=1163"},{"taxonomy":"post_tag","embeddable":true,"href":"https:\/\/petrhervy.com\/en\/wp-json\/wp\/v2\/tags?post=1163"}],"curies":[{"name":"wp","href":"https:\/\/api.w.org\/{rel}","templated":true}]}}