{"id":453,"date":"2017-12-08T00:36:27","date_gmt":"2017-12-07T23:36:27","guid":{"rendered":"http:\/\/petrhervir.com\/?p=453"},"modified":"2019-01-24T17:54:26","modified_gmt":"2019-01-24T16:54:26","slug":"portraits","status":"publish","type":"post","link":"https:\/\/petrhervy.com\/en\/portraits\/","title":{"rendered":"Portraits"},"content":{"rendered":"<div id='gallery-1' class='gallery galleryid-453 gallery-columns-3 gallery-size-thumbnail'><figure class='gallery-item'>\n\t\t\t<div class='gallery-icon landscape'>\n\t\t\t\t<a href='https:\/\/petrhervy.com\/en\/?attachment_id=320'><img decoding=\"async\" width=\"200\" height=\"150\" src=\"https:\/\/petrhervy.com\/wp-content\/uploads\/2017\/08\/petr-hervir-prague-photographer-portraits-001-200x150.jpg\" class=\"attachment-thumbnail size-thumbnail\" alt=\"Petr Herv\u00ed\u0159 Fotograf Praha - Portr\u00e9ty\" srcset=\"https:\/\/petrhervy.com\/wp-content\/uploads\/2017\/08\/petr-hervir-prague-photographer-portraits-001-200x150.jpg 200w, https:\/\/petrhervy.com\/wp-content\/uploads\/2017\/08\/petr-hervir-prague-photographer-portraits-001-300x225.jpg 300w, https:\/\/petrhervy.com\/wp-content\/uploads\/2017\/08\/petr-hervir-prague-photographer-portraits-001-768x576.jpg 768w, https:\/\/petrhervy.com\/wp-content\/uploads\/2017\/08\/petr-hervir-prague-photographer-portraits-001-1024x768.jpg 1024w, https:\/\/petrhervy.com\/wp-content\/uploads\/2017\/08\/petr-hervir-prague-photographer-portraits-001-560x420.jpg 560w, https:\/\/petrhervy.com\/wp-content\/uploads\/2017\/08\/petr-hervir-prague-photographer-portraits-001.jpg 1500w\" sizes=\"(max-width: 200px) 100vw, 200px\" title=\"\"><\/a>\n\t\t\t<\/div><\/figure><figure class='gallery-item'>\n\t\t\t<div class='gallery-icon landscape'>\n\t\t\t\t<a href='https:\/\/petrhervy.com\/en\/hanicka-lukas-fotografie-libanky-sri-lanka\/libanky-fotografie-h-l-sri-lanka-petrhervir-com-31\/'><img decoding=\"async\" width=\"200\" height=\"150\" src=\"https:\/\/petrhervy.com\/wp-content\/uploads\/libanky-fotografie-h-l-sri-lanka-petrhervir-com-31-200x150.jpg\" class=\"attachment-thumbnail size-thumbnail\" alt=\"L\u00edb\u00e1nky na Sr\u00ed Lance - Svatebn\u00ed fotograf Petr Herv\u00ed\u0159\" title=\"\"><\/a>\n\t\t\t<\/div><\/figure><figure class='gallery-item'>\n\t\t\t<div class='gallery-icon landscape'>\n\t\t\t\t<a href='https:\/\/petrhervy.com\/en\/petr-hervir-photographer-prague-main-background-wedding-1\/'><img decoding=\"async\" width=\"200\" height=\"150\" src=\"https:\/\/petrhervy.com\/wp-content\/uploads\/petr-hervir-photographer-prague-main-background-wedding-1-200x150.jpg\" class=\"attachment-thumbnail size-thumbnail\" alt=\"Petr Herv\u00ed\u0159 Svatebn\u00ed fotograf a kameraman - Pozad\u00ed 1\" aria-describedby=\"gallery-1-585\" title=\"\"><\/a>\n\t\t\t<\/div>\n\t\t\t\t<figcaption class='wp-caption-text gallery-caption' id='gallery-1-585'>\n\t\t\t\tPetr Herv\u00ed\u0159 Svatebn\u00ed fotograf a kameraman &#8211; Pozad\u00ed 1\n\t\t\t\t<\/figcaption><\/figure><figure class='gallery-item'>\n\t\t\t<div class='gallery-icon landscape'>\n\t\t\t\t<a href='https:\/\/petrhervy.com\/en\/petrhervir-com-foto-kata-martin-sri-lanka-008\/'><img loading=\"lazy\" decoding=\"async\" width=\"200\" height=\"150\" src=\"https:\/\/petrhervy.com\/wp-content\/uploads\/PetrHervir-com-foto-kata-martin-sri-lanka-008-200x150.jpg\" class=\"attachment-thumbnail size-thumbnail\" alt=\"P\u00e1rov\u00e9 focen\u00ed K\u00e1\u0165a a Martin - Sr\u00ed Lanka - Petr Hervir fotograf\" title=\"\"><\/a>\n\t\t\t<\/div><\/figure><figure class='gallery-item'>\n\t\t\t<div class='gallery-icon landscape'>\n\t\t\t\t<a href='https:\/\/petrhervy.com\/en\/petr-hervir-prague-photographer-portraits-015\/'><img loading=\"lazy\" decoding=\"async\" width=\"200\" height=\"150\" src=\"https:\/\/petrhervy.com\/wp-content\/uploads\/2017\/08\/petr-hervir-prague-photographer-portraits-015-200x150.jpg\" class=\"attachment-thumbnail size-thumbnail\" alt=\"Petr Herv\u00ed\u0159 Fotograf Praha - Portr\u00e9ty\" title=\"\"><\/a>\n\t\t\t<\/div><\/figure><figure class='gallery-item'>\n\t\t\t<div class='gallery-icon landscape'>\n\t\t\t\t<a href='https:\/\/petrhervy.com\/en\/hanicka-lukas-fotografie-libanky-sri-lanka\/libanky-fotografie-h-l-sri-lanka-petrhervir-com-14\/'><img loading=\"lazy\" decoding=\"async\" width=\"200\" height=\"150\" src=\"https:\/\/petrhervy.com\/wp-content\/uploads\/libanky-fotografie-h-l-sri-lanka-petrhervir-com-14-200x150.jpg\" class=\"attachment-thumbnail size-thumbnail\" alt=\"L\u00edb\u00e1nky na Sr\u00ed Lance - Svatebn\u00ed fotograf Petr Herv\u00ed\u0159\" title=\"\"><\/a>\n\t\t\t<\/div><\/figure><figure class='gallery-item'>\n\t\t\t<div class='gallery-icon landscape'>\n\t\t\t\t<a href='https:\/\/petrhervy.com\/en\/?attachment_id=874'><img loading=\"lazy\" decoding=\"async\" width=\"200\" height=\"150\" src=\"https:\/\/petrhervy.com\/wp-content\/uploads\/reference-marta-petrhervir.com-svatebni-fotograf-200x150.jpg\" class=\"attachment-thumbnail size-thumbnail\" alt=\"Reference Mar\u0165a - Petr Herv\u00ed\u0159 - Svatebn\u00ed fotograf praha\" title=\"\"><\/a>\n\t\t\t<\/div><\/figure><figure class='gallery-item'>\n\t\t\t<div class='gallery-icon landscape'>\n\t\t\t\t<a href='https:\/\/petrhervy.com\/en\/?attachment_id=304'><img loading=\"lazy\" decoding=\"async\" width=\"200\" height=\"150\" src=\"https:\/\/petrhervy.com\/wp-content\/uploads\/2017\/08\/petr-hervir-prague-photographer-portraits-006-200x150.jpg\" class=\"attachment-thumbnail size-thumbnail\" alt=\"Petr Herv\u00ed\u0159 Fotograf Praha - Portr\u00e9ty\" title=\"\"><\/a>\n\t\t\t<\/div><\/figure><figure class='gallery-item'>\n\t\t\t<div class='gallery-icon landscape'>\n\t\t\t\t<a href='https:\/\/petrhervy.com\/en\/norsko-wedding-factory\/petrhervir-com-svatebni-fotograf-praha-wf-norsko-01\/'><img loading=\"lazy\" decoding=\"async\" width=\"200\" height=\"150\" src=\"https:\/\/petrhervy.com\/wp-content\/uploads\/petrhervir.com-svatebni-fotograf-praha-WF-norsko-01-200x150.jpg\" class=\"attachment-thumbnail size-thumbnail\" alt=\"Petr Hervir Svatebn\u00ed Video Kameraman - Focen\u00ed Norsko Holky z Wedding Factory\" title=\"\"><\/a>\n\t\t\t<\/div><\/figure><figure class='gallery-item'>\n\t\t\t<div class='gallery-icon landscape'>\n\t\t\t\t<a href='https:\/\/petrhervy.com\/en\/?attachment_id=318'><img loading=\"lazy\" decoding=\"async\" width=\"200\" height=\"150\" src=\"https:\/\/petrhervy.com\/wp-content\/uploads\/2017\/08\/petr-hervir-prague-photographer-portraits-020-200x150.jpg\" class=\"attachment-thumbnail size-thumbnail\" alt=\"Petr Herv\u00ed\u0159 Fotograf Praha - Portr\u00e9ty\" title=\"\"><\/a>\n\t\t\t<\/div><\/figure><figure class='gallery-item'>\n\t\t\t<div class='gallery-icon landscape'>\n\t\t\t\t<a href='https:\/\/petrhervy.com\/en\/?attachment_id=307'><img loading=\"lazy\" decoding=\"async\" width=\"200\" height=\"150\" src=\"https:\/\/petrhervy.com\/wp-content\/uploads\/2017\/08\/petr-hervir-prague-photographer-portraits-009-200x150.jpg\" class=\"attachment-thumbnail size-thumbnail\" alt=\"Petr Herv\u00ed\u0159 Fotograf Praha - Portr\u00e9ty\" title=\"\"><\/a>\n\t\t\t<\/div><\/figure><figure class='gallery-item'>\n\t\t\t<div class='gallery-icon landscape'>\n\t\t\t\t<a href='https:\/\/petrhervy.com\/en\/petr-hervir-prague-photographer-portraits-013\/'><img loading=\"lazy\" decoding=\"async\" width=\"200\" height=\"150\" src=\"https:\/\/petrhervy.com\/wp-content\/uploads\/2017\/08\/petr-hervir-prague-photographer-portraits-013-200x150.jpg\" class=\"attachment-thumbnail size-thumbnail\" alt=\"Petr Herv\u00ed\u0159 Fotograf Praha - Portr\u00e9ty\" title=\"\"><\/a>\n\t\t\t<\/div><\/figure><figure class='gallery-item'>\n\t\t\t<div class='gallery-icon landscape'>\n\t\t\t\t<a href='https:\/\/petrhervy.com\/en\/?attachment_id=310'><img loading=\"lazy\" decoding=\"async\" width=\"200\" height=\"150\" src=\"https:\/\/petrhervy.com\/wp-content\/uploads\/2017\/08\/petr-hervir-prague-photographer-portraits-012-200x150.jpg\" class=\"attachment-thumbnail size-thumbnail\" alt=\"Petr Herv\u00ed\u0159 Fotograf Praha - Portr\u00e9ty\" srcset=\"https:\/\/petrhervy.com\/wp-content\/uploads\/2017\/08\/petr-hervir-prague-photographer-portraits-012-200x150.jpg 200w, https:\/\/petrhervy.com\/wp-content\/uploads\/2017\/08\/petr-hervir-prague-photographer-portraits-012-300x226.jpg 300w, https:\/\/petrhervy.com\/wp-content\/uploads\/2017\/08\/petr-hervir-prague-photographer-portraits-012-768x578.jpg 768w, https:\/\/petrhervy.com\/wp-content\/uploads\/2017\/08\/petr-hervir-prague-photographer-portraits-012-1024x770.jpg 1024w, https:\/\/petrhervy.com\/wp-content\/uploads\/2017\/08\/petr-hervir-prague-photographer-portraits-012-560x421.jpg 560w, https:\/\/petrhervy.com\/wp-content\/uploads\/2017\/08\/petr-hervir-prague-photographer-portraits-012.jpg 1500w\" sizes=\"(max-width: 200px) 100vw, 200px\" title=\"\"><\/a>\n\t\t\t<\/div><\/figure><figure class='gallery-item'>\n\t\t\t<div class='gallery-icon landscape'>\n\t\t\t\t<a href='https:\/\/petrhervy.com\/en\/?attachment_id=306'><img loading=\"lazy\" decoding=\"async\" width=\"200\" height=\"150\" src=\"https:\/\/petrhervy.com\/wp-content\/uploads\/2017\/08\/petr-hervir-prague-photographer-portraits-008-200x150.jpg\" class=\"attachment-thumbnail size-thumbnail\" alt=\"Petr Herv\u00ed\u0159 Fotograf Praha - Portr\u00e9ty\" srcset=\"https:\/\/petrhervy.com\/wp-content\/uploads\/2017\/08\/petr-hervir-prague-photographer-portraits-008-200x150.jpg 200w, https:\/\/petrhervy.com\/wp-content\/uploads\/2017\/08\/petr-hervir-prague-photographer-portraits-008-300x225.jpg 300w, https:\/\/petrhervy.com\/wp-content\/uploads\/2017\/08\/petr-hervir-prague-photographer-portraits-008-768x576.jpg 768w, https:\/\/petrhervy.com\/wp-content\/uploads\/2017\/08\/petr-hervir-prague-photographer-portraits-008-1024x768.jpg 1024w, https:\/\/petrhervy.com\/wp-content\/uploads\/2017\/08\/petr-hervir-prague-photographer-portraits-008-560x420.jpg 560w, https:\/\/petrhervy.com\/wp-content\/uploads\/2017\/08\/petr-hervir-prague-photographer-portraits-008.jpg 1500w\" sizes=\"(max-width: 200px) 100vw, 200px\" title=\"\"><\/a>\n\t\t\t<\/div><\/figure><figure class='gallery-item'>\n\t\t\t<div class='gallery-icon landscape'>\n\t\t\t\t<a href='https:\/\/petrhervy.com\/en\/petra-joe-svatba-film-hluboka\/'><img loading=\"lazy\" decoding=\"async\" width=\"200\" height=\"150\" src=\"https:\/\/petrhervy.com\/wp-content\/uploads\/petra-joe-svatba-film-hluboka-200x150.jpg\" class=\"attachment-thumbnail size-thumbnail\" alt=\"\" title=\"\"><\/a>\n\t\t\t<\/div><\/figure><figure class='gallery-item'>\n\t\t\t<div class='gallery-icon landscape'>\n\t\t\t\t<a href='https:\/\/petrhervy.com\/en\/?attachment_id=871'><img loading=\"lazy\" decoding=\"async\" width=\"200\" height=\"150\" src=\"https:\/\/petrhervy.com\/wp-content\/uploads\/reference-jan-petrhervir.com-svatebni-fotograf-200x150.jpg\" class=\"attachment-thumbnail size-thumbnail\" alt=\"Reference Jan - Petr Herv\u00ed\u0159 - Svatebn\u00ed fotograf praha\" title=\"\"><\/a>\n\t\t\t<\/div><\/figure><figure class='gallery-item'>\n\t\t\t<div class='gallery-icon landscape'>\n\t\t\t\t<a href='https:\/\/petrhervy.com\/en\/?attachment_id=303'><img loading=\"lazy\" decoding=\"async\" width=\"200\" height=\"150\" src=\"https:\/\/petrhervy.com\/wp-content\/uploads\/2017\/08\/petr-hervir-prague-photographer-portraits-005-200x150.jpg\" class=\"attachment-thumbnail size-thumbnail\" alt=\"Petr Herv\u00ed\u0159 Fotograf Praha - Portr\u00e9ty\" title=\"\"><\/a>\n\t\t\t<\/div><\/figure><figure class='gallery-item'>\n\t\t\t<div class='gallery-icon landscape'>\n\t\t\t\t<a href='https:\/\/petrhervy.com\/en\/?attachment_id=317'><img loading=\"lazy\" decoding=\"async\" width=\"200\" height=\"150\" src=\"https:\/\/petrhervy.com\/wp-content\/uploads\/2017\/08\/petr-hervir-prague-photographer-portraits-019-200x150.jpg\" class=\"attachment-thumbnail size-thumbnail\" alt=\"Petr Herv\u00ed\u0159 Fotograf Praha - Portr\u00e9ty\" title=\"\"><\/a>\n\t\t\t<\/div><\/figure><figure class='gallery-item'>\n\t\t\t<div class='gallery-icon landscape'>\n\t\t\t\t<a href='https:\/\/petrhervy.com\/en\/?attachment_id=309'><img loading=\"lazy\" decoding=\"async\" width=\"200\" height=\"150\" src=\"https:\/\/petrhervy.com\/wp-content\/uploads\/2017\/08\/petr-hervir-prague-photographer-portraits-011-200x150.jpg\" class=\"attachment-thumbnail size-thumbnail\" alt=\"Petr Herv\u00ed\u0159 Fotograf Praha - Portr\u00e9ty\" srcset=\"https:\/\/petrhervy.com\/wp-content\/uploads\/2017\/08\/petr-hervir-prague-photographer-portraits-011-200x150.jpg 200w, https:\/\/petrhervy.com\/wp-content\/uploads\/2017\/08\/petr-hervir-prague-photographer-portraits-011-300x225.jpg 300w, https:\/\/petrhervy.com\/wp-content\/uploads\/2017\/08\/petr-hervir-prague-photographer-portraits-011-768x576.jpg 768w, https:\/\/petrhervy.com\/wp-content\/uploads\/2017\/08\/petr-hervir-prague-photographer-portraits-011-1024x768.jpg 1024w, https:\/\/petrhervy.com\/wp-content\/uploads\/2017\/08\/petr-hervir-prague-photographer-portraits-011-560x420.jpg 560w, https:\/\/petrhervy.com\/wp-content\/uploads\/2017\/08\/petr-hervir-prague-photographer-portraits-011.jpg 1500w\" sizes=\"(max-width: 200px) 100vw, 200px\" title=\"\"><\/a>\n\t\t\t<\/div><\/figure><figure class='gallery-item'>\n\t\t\t<div class='gallery-icon landscape'>\n\t\t\t\t<a href='https:\/\/petrhervy.com\/en\/?attachment_id=100'><img loading=\"lazy\" decoding=\"async\" width=\"200\" height=\"150\" src=\"https:\/\/petrhervy.com\/wp-content\/uploads\/2017\/03\/petr-hervir-fotograf-praha-prokopske-udoli-011-200x150.jpg\" class=\"attachment-thumbnail size-thumbnail\" alt=\"Petr Herv\u00ed\u0159 Blog Fotograf Praha - Prokopsk\u00e9 \u00fadol\u00ed\" srcset=\"https:\/\/petrhervy.com\/wp-content\/uploads\/2017\/03\/petr-hervir-fotograf-praha-prokopske-udoli-011-200x150.jpg 200w, https:\/\/petrhervy.com\/wp-content\/uploads\/2017\/03\/petr-hervir-fotograf-praha-prokopske-udoli-011-300x225.jpg 300w, https:\/\/petrhervy.com\/wp-content\/uploads\/2017\/03\/petr-hervir-fotograf-praha-prokopske-udoli-011-768x576.jpg 768w, https:\/\/petrhervy.com\/wp-content\/uploads\/2017\/03\/petr-hervir-fotograf-praha-prokopske-udoli-011-1024x768.jpg 1024w, https:\/\/petrhervy.com\/wp-content\/uploads\/2017\/03\/petr-hervir-fotograf-praha-prokopske-udoli-011-560x420.jpg 560w, https:\/\/petrhervy.com\/wp-content\/uploads\/2017\/03\/petr-hervir-fotograf-praha-prokopske-udoli-011.jpg 1200w\" sizes=\"(max-width: 200px) 100vw, 200px\" title=\"\"><\/a>\n\t\t\t<\/div><\/figure><figure class='gallery-item'>\n\t\t\t<div class='gallery-icon landscape'>\n\t\t\t\t<a href='https:\/\/petrhervy.com\/en\/?attachment_id=312'><img loading=\"lazy\" decoding=\"async\" width=\"200\" height=\"150\" src=\"https:\/\/petrhervy.com\/wp-content\/uploads\/2017\/08\/petr-hervir-prague-photographer-portraits-014-200x150.jpg\" class=\"attachment-thumbnail size-thumbnail\" alt=\"Petr Herv\u00ed\u0159 Fotograf Praha - Portr\u00e9ty\" title=\"\"><\/a>\n\t\t\t<\/div><\/figure><figure class='gallery-item'>\n\t\t\t<div class='gallery-icon landscape'>\n\t\t\t\t<a href='https:\/\/petrhervy.com\/en\/?attachment_id=305'><img loading=\"lazy\" decoding=\"async\" width=\"200\" height=\"150\" src=\"https:\/\/petrhervy.com\/wp-content\/uploads\/2017\/08\/petr-hervir-prague-photographer-portraits-007-200x150.jpg\" class=\"attachment-thumbnail size-thumbnail\" alt=\"Petr Herv\u00ed\u0159 Fotograf Praha - Portr\u00e9ty\" title=\"\"><\/a>\n\t\t\t<\/div><\/figure><figure class='gallery-item'>\n\t\t\t<div class='gallery-icon landscape'>\n\t\t\t\t<a href='https:\/\/petrhervy.com\/en\/?attachment_id=314'><img loading=\"lazy\" decoding=\"async\" width=\"200\" height=\"150\" src=\"https:\/\/petrhervy.com\/wp-content\/uploads\/2017\/08\/petr-hervir-prague-photographer-portraits-016-200x150.jpg\" class=\"attachment-thumbnail size-thumbnail\" alt=\"Petr Herv\u00ed\u0159 Fotograf Praha - Portr\u00e9ty\" title=\"\"><\/a>\n\t\t\t<\/div><\/figure><figure class='gallery-item'>\n\t\t\t<div class='gallery-icon landscape'>\n\t\t\t\t<a href='https:\/\/petrhervy.com\/en\/?attachment_id=315'><img loading=\"lazy\" decoding=\"async\" width=\"200\" height=\"150\" src=\"https:\/\/petrhervy.com\/wp-content\/uploads\/2017\/08\/petr-hervir-prague-photographer-portraits-017-200x150.jpg\" class=\"attachment-thumbnail size-thumbnail\" alt=\"Petr Herv\u00ed\u0159 Fotograf Praha - Portr\u00e9ty\" title=\"\"><\/a>\n\t\t\t<\/div><\/figure><figure class='gallery-item'>\n\t\t\t<div class='gallery-icon landscape'>\n\t\t\t\t<a href='https:\/\/petrhervy.com\/en\/petr-hervir-prague-photographer-selfportrait-002\/'><img loading=\"lazy\" decoding=\"async\" width=\"200\" height=\"150\" src=\"https:\/\/petrhervy.com\/wp-content\/uploads\/2017\/08\/petr-hervir-prague-photographer-selfportrait-002-200x150.jpg\" class=\"attachment-thumbnail size-thumbnail\" alt=\"\" srcset=\"https:\/\/petrhervy.com\/wp-content\/uploads\/2017\/08\/petr-hervir-prague-photographer-selfportrait-002-200x150.jpg 200w, https:\/\/petrhervy.com\/wp-content\/uploads\/2017\/08\/petr-hervir-prague-photographer-selfportrait-002-300x225.jpg 300w, https:\/\/petrhervy.com\/wp-content\/uploads\/2017\/08\/petr-hervir-prague-photographer-selfportrait-002-768x576.jpg 768w, https:\/\/petrhervy.com\/wp-content\/uploads\/2017\/08\/petr-hervir-prague-photographer-selfportrait-002-1024x768.jpg 1024w, https:\/\/petrhervy.com\/wp-content\/uploads\/2017\/08\/petr-hervir-prague-photographer-selfportrait-002-560x420.jpg 560w, https:\/\/petrhervy.com\/wp-content\/uploads\/2017\/08\/petr-hervir-prague-photographer-selfportrait-002.jpg 1500w\" sizes=\"(max-width: 200px) 100vw, 200px\" title=\"\"><\/a>\n\t\t\t<\/div><\/figure><figure class='gallery-item'>\n\t\t\t<div class='gallery-icon landscape'>\n\t\t\t\t<a href='https:\/\/petrhervy.com\/en\/petr-hervir-prague-photographer-martinka-luky-prochazka-22\/'><img loading=\"lazy\" decoding=\"async\" width=\"200\" height=\"150\" src=\"https:\/\/petrhervy.com\/wp-content\/uploads\/petr-hervir-prague-photographer-martinka-luky-prochazka-22-200x150.jpg\" class=\"attachment-thumbnail size-thumbnail\" alt=\"Martinka a Luky - Foto z proch\u00e1zky a rande - Petr Herv\u00ed\u0159 Fotograf Praha\" title=\"\"><\/a>\n\t\t\t<\/div><\/figure><figure class='gallery-item'>\n\t\t\t<div class='gallery-icon portrait'>\n\t\t\t\t<a href='https:\/\/petrhervy.com\/en\/?attachment_id=302'><img loading=\"lazy\" decoding=\"async\" width=\"200\" height=\"150\" src=\"https:\/\/petrhervy.com\/wp-content\/uploads\/2017\/08\/petr-hervir-prague-photographer-portraits-004-200x150.jpg\" class=\"attachment-thumbnail size-thumbnail\" alt=\"Petr Herv\u00ed\u0159 Fotograf Praha - Portr\u00e9ty\" title=\"\"><\/a>\n\t\t\t<\/div><\/figure><figure class='gallery-item'>\n\t\t\t<div class='gallery-icon landscape'>\n\t\t\t\t<a href='https:\/\/petrhervy.com\/en\/?attachment_id=95'><img loading=\"lazy\" decoding=\"async\" width=\"200\" height=\"150\" src=\"https:\/\/petrhervy.com\/wp-content\/uploads\/2017\/03\/petr-hervir-fotograf-praha-prokopske-udoli-006-200x150.jpg\" class=\"attachment-thumbnail size-thumbnail\" alt=\"Petr Herv\u00ed\u0159 Blog Fotograf Praha - Prokopsk\u00e9 \u00fadol\u00ed\" srcset=\"https:\/\/petrhervy.com\/wp-content\/uploads\/2017\/03\/petr-hervir-fotograf-praha-prokopske-udoli-006-200x150.jpg 200w, https:\/\/petrhervy.com\/wp-content\/uploads\/2017\/03\/petr-hervir-fotograf-praha-prokopske-udoli-006-300x225.jpg 300w, https:\/\/petrhervy.com\/wp-content\/uploads\/2017\/03\/petr-hervir-fotograf-praha-prokopske-udoli-006-768x576.jpg 768w, https:\/\/petrhervy.com\/wp-content\/uploads\/2017\/03\/petr-hervir-fotograf-praha-prokopske-udoli-006-1024x768.jpg 1024w, https:\/\/petrhervy.com\/wp-content\/uploads\/2017\/03\/petr-hervir-fotograf-praha-prokopske-udoli-006-560x420.jpg 560w, https:\/\/petrhervy.com\/wp-content\/uploads\/2017\/03\/petr-hervir-fotograf-praha-prokopske-udoli-006.jpg 1200w\" sizes=\"(max-width: 200px) 100vw, 200px\" title=\"\"><\/a>\n\t\t\t<\/div><\/figure><figure class='gallery-item'>\n\t\t\t<div class='gallery-icon landscape'>\n\t\t\t\t<a href='https:\/\/petrhervy.com\/en\/skotsko-predsvatebni-foceni-saba-niki\/petr_hervir_foto_zasnuby_saba_niky_dve_nevesty_2018_skotsko_23\/'><img loading=\"lazy\" decoding=\"async\" width=\"200\" height=\"150\" src=\"https:\/\/petrhervy.com\/wp-content\/uploads\/petr_hervir_foto_zasnuby_saba_niky_dve_nevesty_2018_skotsko_23-200x150.jpg\" class=\"attachment-thumbnail size-thumbnail\" alt=\"\" title=\"\"><\/a>\n\t\t\t<\/div><\/figure><figure class='gallery-item'>\n\t\t\t<div class='gallery-icon landscape'>\n\t\t\t\t<a href='https:\/\/petrhervy.com\/en\/?attachment_id=308'><img loading=\"lazy\" decoding=\"async\" width=\"200\" height=\"150\" src=\"https:\/\/petrhervy.com\/wp-content\/uploads\/2017\/08\/petr-hervir-prague-photographer-portraits-010-200x150.jpg\" class=\"attachment-thumbnail size-thumbnail\" alt=\"Petr Herv\u00ed\u0159 Fotograf Praha - Portr\u00e9ty\" srcset=\"https:\/\/petrhervy.com\/wp-content\/uploads\/2017\/08\/petr-hervir-prague-photographer-portraits-010-200x150.jpg 200w, https:\/\/petrhervy.com\/wp-content\/uploads\/2017\/08\/petr-hervir-prague-photographer-portraits-010-300x225.jpg 300w, https:\/\/petrhervy.com\/wp-content\/uploads\/2017\/08\/petr-hervir-prague-photographer-portraits-010-768x576.jpg 768w, https:\/\/petrhervy.com\/wp-content\/uploads\/2017\/08\/petr-hervir-prague-photographer-portraits-010-1024x768.jpg 1024w, https:\/\/petrhervy.com\/wp-content\/uploads\/2017\/08\/petr-hervir-prague-photographer-portraits-010-560x420.jpg 560w, https:\/\/petrhervy.com\/wp-content\/uploads\/2017\/08\/petr-hervir-prague-photographer-portraits-010.jpg 1500w\" sizes=\"(max-width: 200px) 100vw, 200px\" title=\"\"><\/a>\n\t\t\t<\/div><\/figure>\n\t\t<\/div>","protected":false},"excerpt":{"rendered":"","protected":false},"author":1,"featured_media":320,"comment_status":"open","ping_status":"open","sticky":false,"template":"","format":"standard","meta":{"_acf_changed":false,"footnotes":""},"categories":[16],"tags":[],"class_list":["post-453","post","type-post","status-publish","format-standard","has-post-thumbnail","hentry","category-portfolio"],"acf":[],"_links":{"self":[{"href":"https:\/\/petrhervy.com\/en\/wp-json\/wp\/v2\/posts\/453","targetHints":{"allow":["GET"]}}],"collection":[{"href":"https:\/\/petrhervy.com\/en\/wp-json\/wp\/v2\/posts"}],"about":[{"href":"https:\/\/petrhervy.com\/en\/wp-json\/wp\/v2\/types\/post"}],"author":[{"embeddable":true,"href":"https:\/\/petrhervy.com\/en\/wp-json\/wp\/v2\/users\/1"}],"replies":[{"embeddable":true,"href":"https:\/\/petrhervy.com\/en\/wp-json\/wp\/v2\/comments?post=453"}],"version-history":[{"count":4,"href":"https:\/\/petrhervy.com\/en\/wp-json\/wp\/v2\/posts\/453\/revisions"}],"predecessor-version":[{"id":939,"href":"https:\/\/petrhervy.com\/en\/wp-json\/wp\/v2\/posts\/453\/revisions\/939"}],"wp:featuredmedia":[{"embeddable":true,"href":"https:\/\/petrhervy.com\/en\/wp-json\/wp\/v2\/media\/320"}],"wp:attachment":[{"href":"https:\/\/petrhervy.com\/en\/wp-json\/wp\/v2\/media?parent=453"}],"wp:term":[{"taxonomy":"category","embeddable":true,"href":"https:\/\/petrhervy.com\/en\/wp-json\/wp\/v2\/categories?post=453"},{"taxonomy":"post_tag","embeddable":true,"href":"https:\/\/petrhervy.com\/en\/wp-json\/wp\/v2\/tags?post=453"}],"curies":[{"name":"wp","href":"https:\/\/api.w.org\/{rel}","templated":true}]}}