{"id":521,"date":"2018-02-10T17:12:17","date_gmt":"2018-02-10T16:12:17","guid":{"rendered":"http:\/\/petrhervir.com\/?p=521"},"modified":"2018-11-28T07:41:29","modified_gmt":"2018-11-28T06:41:29","slug":"martinka-luky-na-prochazce","status":"publish","type":"post","link":"https:\/\/petrhervy.com\/en\/martinka-luky-na-prochazce\/","title":{"rendered":"Martinka &#038; Luky"},"content":{"rendered":"<div id='gallery-1' class='gallery galleryid-521 gallery-columns-3 gallery-size-thumbnail'><figure class='gallery-item'>\n\t\t\t<div class='gallery-icon landscape'>\n\t\t\t\t<a href='https:\/\/petrhervy.com\/en\/petr-hervir-prague-photographer-martinka-luky-prochazka-01\/'><img decoding=\"async\" width=\"200\" height=\"150\" src=\"https:\/\/petrhervy.com\/wp-content\/uploads\/petr-hervir-prague-photographer-martinka-luky-prochazka-01-200x150.jpg\" class=\"attachment-thumbnail size-thumbnail\" alt=\"Martinka a Luky - Foto z proch\u00e1zky a rande - Petr Herv\u00ed\u0159 Fotograf Praha\" title=\"\"><\/a>\n\t\t\t<\/div><\/figure><figure class='gallery-item'>\n\t\t\t<div class='gallery-icon portrait'>\n\t\t\t\t<a href='https:\/\/petrhervy.com\/en\/petr-hervir-prague-photographer-martinka-luky-prochazka-03\/'><img decoding=\"async\" width=\"200\" height=\"150\" src=\"https:\/\/petrhervy.com\/wp-content\/uploads\/petr-hervir-prague-photographer-martinka-luky-prochazka-03-200x150.jpg\" class=\"attachment-thumbnail size-thumbnail\" alt=\"Martinka a Luky - Foto z proch\u00e1zky a rande - Petr Herv\u00ed\u0159 Fotograf Praha\" title=\"\"><\/a>\n\t\t\t<\/div><\/figure><figure class='gallery-item'>\n\t\t\t<div class='gallery-icon landscape'>\n\t\t\t\t<a href='https:\/\/petrhervy.com\/en\/petr-hervir-prague-photographer-martinka-luky-prochazka-04\/'><img decoding=\"async\" width=\"200\" height=\"150\" src=\"https:\/\/petrhervy.com\/wp-content\/uploads\/petr-hervir-prague-photographer-martinka-luky-prochazka-04-200x150.jpg\" class=\"attachment-thumbnail size-thumbnail\" alt=\"Martinka a Luky - Foto z proch\u00e1zky a rande - Petr Herv\u00ed\u0159 Fotograf Praha\" title=\"\"><\/a>\n\t\t\t<\/div><\/figure><figure class='gallery-item'>\n\t\t\t<div class='gallery-icon landscape'>\n\t\t\t\t<a href='https:\/\/petrhervy.com\/en\/petr-hervir-prague-photographer-martinka-luky-prochazka-07\/'><img loading=\"lazy\" decoding=\"async\" width=\"200\" height=\"150\" src=\"https:\/\/petrhervy.com\/wp-content\/uploads\/petr-hervir-prague-photographer-martinka-luky-prochazka-07-200x150.jpg\" class=\"attachment-thumbnail size-thumbnail\" alt=\"Martinka a Luky - Foto z proch\u00e1zky a rande - Petr Herv\u00ed\u0159 Fotograf Praha\" title=\"\"><\/a>\n\t\t\t<\/div><\/figure><figure class='gallery-item'>\n\t\t\t<div class='gallery-icon landscape'>\n\t\t\t\t<a href='https:\/\/petrhervy.com\/en\/petr-hervir-prague-photographer-martinka-luky-prochazka-08\/'><img loading=\"lazy\" decoding=\"async\" width=\"200\" height=\"150\" src=\"https:\/\/petrhervy.com\/wp-content\/uploads\/petr-hervir-prague-photographer-martinka-luky-prochazka-08-200x150.jpg\" class=\"attachment-thumbnail size-thumbnail\" alt=\"Martinka a Luky - Foto z proch\u00e1zky a rande - Petr Herv\u00ed\u0159 Fotograf Praha\" title=\"\"><\/a>\n\t\t\t<\/div><\/figure><figure class='gallery-item'>\n\t\t\t<div class='gallery-icon portrait'>\n\t\t\t\t<a href='https:\/\/petrhervy.com\/en\/petr-hervir-prague-photographer-martinka-luky-prochazka-09\/'><img loading=\"lazy\" decoding=\"async\" width=\"200\" height=\"150\" src=\"https:\/\/petrhervy.com\/wp-content\/uploads\/petr-hervir-prague-photographer-martinka-luky-prochazka-09-200x150.jpg\" class=\"attachment-thumbnail size-thumbnail\" alt=\"Martinka a Luky - Foto z proch\u00e1zky a rande - Petr Herv\u00ed\u0159 Fotograf Praha\" title=\"\"><\/a>\n\t\t\t<\/div><\/figure><figure class='gallery-item'>\n\t\t\t<div class='gallery-icon portrait'>\n\t\t\t\t<a href='https:\/\/petrhervy.com\/en\/petr-hervir-prague-photographer-martinka-luky-prochazka-10\/'><img loading=\"lazy\" decoding=\"async\" width=\"200\" height=\"150\" src=\"https:\/\/petrhervy.com\/wp-content\/uploads\/petr-hervir-prague-photographer-martinka-luky-prochazka-10-200x150.jpg\" class=\"attachment-thumbnail size-thumbnail\" alt=\"Martinka a Luky - Foto z proch\u00e1zky a rande - Petr Herv\u00ed\u0159 Fotograf Praha\" title=\"\"><\/a>\n\t\t\t<\/div><\/figure><figure class='gallery-item'>\n\t\t\t<div class='gallery-icon landscape'>\n\t\t\t\t<a href='https:\/\/petrhervy.com\/en\/petr-hervir-prague-photographer-martinka-luky-prochazka-13\/'><img loading=\"lazy\" decoding=\"async\" width=\"200\" height=\"150\" src=\"https:\/\/petrhervy.com\/wp-content\/uploads\/petr-hervir-prague-photographer-martinka-luky-prochazka-13-200x150.jpg\" class=\"attachment-thumbnail size-thumbnail\" alt=\"Martinka a Luky - Foto z proch\u00e1zky a rande - Petr Herv\u00ed\u0159 Fotograf Praha\" title=\"\"><\/a>\n\t\t\t<\/div><\/figure><figure class='gallery-item'>\n\t\t\t<div class='gallery-icon landscape'>\n\t\t\t\t<a href='https:\/\/petrhervy.com\/en\/petr-hervir-prague-photographer-martinka-luky-prochazka-15\/'><img loading=\"lazy\" decoding=\"async\" width=\"200\" height=\"150\" src=\"https:\/\/petrhervy.com\/wp-content\/uploads\/petr-hervir-prague-photographer-martinka-luky-prochazka-15-200x150.jpg\" class=\"attachment-thumbnail size-thumbnail\" alt=\"Martinka a Luky - Foto z proch\u00e1zky a rande - Petr Herv\u00ed\u0159 Fotograf Praha\" title=\"\"><\/a>\n\t\t\t<\/div><\/figure><figure class='gallery-item'>\n\t\t\t<div class='gallery-icon portrait'>\n\t\t\t\t<a href='https:\/\/petrhervy.com\/en\/petr-hervir-prague-photographer-martinka-luky-prochazka-16\/'><img loading=\"lazy\" decoding=\"async\" width=\"200\" height=\"150\" src=\"https:\/\/petrhervy.com\/wp-content\/uploads\/petr-hervir-prague-photographer-martinka-luky-prochazka-16-200x150.jpg\" class=\"attachment-thumbnail size-thumbnail\" alt=\"Martinka a Luky - Foto z proch\u00e1zky a rande - Petr Herv\u00ed\u0159 Fotograf Praha\" title=\"\"><\/a>\n\t\t\t<\/div><\/figure><figure class='gallery-item'>\n\t\t\t<div class='gallery-icon landscape'>\n\t\t\t\t<a href='https:\/\/petrhervy.com\/en\/petr-hervir-prague-photographer-martinka-luky-prochazka-17\/'><img loading=\"lazy\" decoding=\"async\" width=\"200\" height=\"150\" src=\"https:\/\/petrhervy.com\/wp-content\/uploads\/petr-hervir-prague-photographer-martinka-luky-prochazka-17-200x150.jpg\" class=\"attachment-thumbnail size-thumbnail\" alt=\"Martinka a Luky - Foto z proch\u00e1zky a rande - Petr Herv\u00ed\u0159 Fotograf Praha\" title=\"\"><\/a>\n\t\t\t<\/div><\/figure><figure class='gallery-item'>\n\t\t\t<div class='gallery-icon landscape'>\n\t\t\t\t<a href='https:\/\/petrhervy.com\/en\/petr-hervir-prague-photographer-martinka-luky-prochazka-19\/'><img loading=\"lazy\" decoding=\"async\" width=\"200\" height=\"150\" src=\"https:\/\/petrhervy.com\/wp-content\/uploads\/petr-hervir-prague-photographer-martinka-luky-prochazka-19-200x150.jpg\" class=\"attachment-thumbnail size-thumbnail\" alt=\"Martinka a Luky - Foto z proch\u00e1zky a rande - Petr Herv\u00ed\u0159 Fotograf Praha\" title=\"\"><\/a>\n\t\t\t<\/div><\/figure><figure class='gallery-item'>\n\t\t\t<div class='gallery-icon landscape'>\n\t\t\t\t<a href='https:\/\/petrhervy.com\/en\/petr-hervir-prague-photographer-martinka-luky-prochazka-21\/'><img loading=\"lazy\" decoding=\"async\" width=\"200\" height=\"150\" src=\"https:\/\/petrhervy.com\/wp-content\/uploads\/petr-hervir-prague-photographer-martinka-luky-prochazka-21-200x150.jpg\" class=\"attachment-thumbnail size-thumbnail\" alt=\"Martinka a Luky - Foto z proch\u00e1zky a rande - Petr Herv\u00ed\u0159 Fotograf Praha\" title=\"\"><\/a>\n\t\t\t<\/div><\/figure><figure class='gallery-item'>\n\t\t\t<div class='gallery-icon landscape'>\n\t\t\t\t<a href='https:\/\/petrhervy.com\/en\/petr-hervir-prague-photographer-martinka-luky-prochazka-22\/'><img loading=\"lazy\" decoding=\"async\" width=\"200\" height=\"150\" src=\"https:\/\/petrhervy.com\/wp-content\/uploads\/petr-hervir-prague-photographer-martinka-luky-prochazka-22-200x150.jpg\" class=\"attachment-thumbnail size-thumbnail\" alt=\"Martinka a Luky - Foto z proch\u00e1zky a rande - Petr Herv\u00ed\u0159 Fotograf Praha\" title=\"\"><\/a>\n\t\t\t<\/div><\/figure><figure class='gallery-item'>\n\t\t\t<div class='gallery-icon landscape'>\n\t\t\t\t<a href='https:\/\/petrhervy.com\/en\/petr-hervir-prague-photographer-martinka-luky-prochazka-24\/'><img loading=\"lazy\" decoding=\"async\" width=\"200\" height=\"150\" src=\"https:\/\/petrhervy.com\/wp-content\/uploads\/petr-hervir-prague-photographer-martinka-luky-prochazka-24-200x150.jpg\" class=\"attachment-thumbnail size-thumbnail\" alt=\"Martinka a Luky - Foto z proch\u00e1zky a rande - Petr Herv\u00ed\u0159 Fotograf Praha\" title=\"\"><\/a>\n\t\t\t<\/div><\/figure><figure class='gallery-item'>\n\t\t\t<div class='gallery-icon landscape'>\n\t\t\t\t<a href='https:\/\/petrhervy.com\/en\/petr-hervir-prague-photographer-martinka-luky-prochazka-25\/'><img loading=\"lazy\" decoding=\"async\" width=\"200\" height=\"150\" src=\"https:\/\/petrhervy.com\/wp-content\/uploads\/petr-hervir-prague-photographer-martinka-luky-prochazka-25-200x150.jpg\" class=\"attachment-thumbnail size-thumbnail\" alt=\"Martinka a Luky - Foto z proch\u00e1zky a rande - Petr Herv\u00ed\u0159 Fotograf Praha\" title=\"\"><\/a>\n\t\t\t<\/div><\/figure>\n\t\t<\/div>","protected":false},"excerpt":{"rendered":"<p>Na proch\u00e1zce<\/p>","protected":false},"author":1,"featured_media":516,"comment_status":"open","ping_status":"open","sticky":false,"template":"","format":"standard","meta":{"_acf_changed":false,"footnotes":""},"categories":[18,23],"tags":[],"class_list":["post-521","post","type-post","status-publish","format-standard","has-post-thumbnail","hentry","category-pary","category-fotografie"],"acf":[],"_links":{"self":[{"href":"https:\/\/petrhervy.com\/en\/wp-json\/wp\/v2\/posts\/521","targetHints":{"allow":["GET"]}}],"collection":[{"href":"https:\/\/petrhervy.com\/en\/wp-json\/wp\/v2\/posts"}],"about":[{"href":"https:\/\/petrhervy.com\/en\/wp-json\/wp\/v2\/types\/post"}],"author":[{"embeddable":true,"href":"https:\/\/petrhervy.com\/en\/wp-json\/wp\/v2\/users\/1"}],"replies":[{"embeddable":true,"href":"https:\/\/petrhervy.com\/en\/wp-json\/wp\/v2\/comments?post=521"}],"version-history":[{"count":5,"href":"https:\/\/petrhervy.com\/en\/wp-json\/wp\/v2\/posts\/521\/revisions"}],"predecessor-version":[{"id":768,"href":"https:\/\/petrhervy.com\/en\/wp-json\/wp\/v2\/posts\/521\/revisions\/768"}],"wp:featuredmedia":[{"embeddable":true,"href":"https:\/\/petrhervy.com\/en\/wp-json\/wp\/v2\/media\/516"}],"wp:attachment":[{"href":"https:\/\/petrhervy.com\/en\/wp-json\/wp\/v2\/media?parent=521"}],"wp:term":[{"taxonomy":"category","embeddable":true,"href":"https:\/\/petrhervy.com\/en\/wp-json\/wp\/v2\/categories?post=521"},{"taxonomy":"post_tag","embeddable":true,"href":"https:\/\/petrhervy.com\/en\/wp-json\/wp\/v2\/tags?post=521"}],"curies":[{"name":"wp","href":"https:\/\/api.w.org\/{rel}","templated":true}]}}