{"id":896,"date":"2019-01-10T19:59:01","date_gmt":"2019-01-10T18:59:01","guid":{"rendered":"https:\/\/petrhervir.com\/?p=896"},"modified":"2021-09-06T16:06:46","modified_gmt":"2021-09-06T14:06:46","slug":"parove-foceni-kata-martin-sri-lanka","status":"publish","type":"post","link":"https:\/\/petrhervy.com\/en\/parove-foceni-kata-martin-sri-lanka\/","title":{"rendered":"K\u00e1\u0165a &#038; Martin"},"content":{"rendered":"<p><img decoding=\"async\" src=\"\/wp-content\/uploads\/PetrHervir-com-foto-kata-martin-sri-lanka-003.jpg\" alt=\"P\u00e1rov\u00e9 focen\u00ed K\u00e1\u0165a a Martin - Sr\u00ed Lanka - Petr Hervir fotograf\" width=\"100%\" title=\"\"><\/p>\n<p>P\u0159i putov\u00e1n\u00ed a \u017eit\u00ed na Sr\u00ed Lance jsme s Martinkou narazili na \u00fa\u017easn\u00fd p\u00e1r &#8211; K\u00e1\u0165u a Martina. Pracuj\u00ed zde na d\u00e1lku, co\u017e n\u00e1m moc vyhovuje, jeliko\u017e od po\u010d\u00edta\u010de se ani zde dobrovoln\u011b nehneme a je fajn m\u00edt kolem sebe v\u00edce inspirativn\u00edch lid\u00ed, co d\u011blaj\u00ed co je bav\u00ed.<\/p>\n<p>Ale ob\u010das si chceme d\u00e1t pauzu, chv\u00edli vypnout a jen tak bl\u00e1znit. A jednoho takov\u00e9ho dne jsme se ocitli u m\u011bste\u010dka Hikkaduwa na pl\u00e1\u017ei. J\u00e1 m\u011bl v ruce fo\u0165\u00e1k, nebe m\u011blo z\u00e1pad slunce, mo\u0159e p\u0159\u00edjemn\u00e9 vlny a ti dva m\u011bli sebe navz\u00e1jem.<\/p>\n<p>Byla to bo\u017e\u00ed kombinace!<\/p>\n<h3>L\u00e1ska na pl\u00e1\u017ei<\/h3>\n<div id='gallery-1' class='gallery galleryid-896 gallery-columns-3 gallery-size-thumbnail'><figure class='gallery-item'>\n\t\t\t<div class='gallery-icon landscape'>\n\t\t\t\t<a href='https:\/\/petrhervy.com\/en\/petrhervir-com-foto-kata-martin-sri-lanka-001\/'><img decoding=\"async\" width=\"200\" height=\"150\" src=\"https:\/\/petrhervy.com\/wp-content\/uploads\/PetrHervir-com-foto-kata-martin-sri-lanka-001-200x150.jpg\" class=\"attachment-thumbnail size-thumbnail\" alt=\"P\u00e1rov\u00e9 focen\u00ed K\u00e1\u0165a a Martin - Sr\u00ed Lanka - Petr Hervir fotograf\" title=\"\"><\/a>\n\t\t\t<\/div><\/figure><figure class='gallery-item'>\n\t\t\t<div class='gallery-icon landscape'>\n\t\t\t\t<a href='https:\/\/petrhervy.com\/en\/petrhervir-com-foto-kata-martin-sri-lanka-002\/'><img decoding=\"async\" width=\"200\" height=\"150\" src=\"https:\/\/petrhervy.com\/wp-content\/uploads\/PetrHervir-com-foto-kata-martin-sri-lanka-002-200x150.jpg\" class=\"attachment-thumbnail size-thumbnail\" alt=\"P\u00e1rov\u00e9 focen\u00ed K\u00e1\u0165a a Martin - Sr\u00ed Lanka - Petr Hervir fotograf\" title=\"\"><\/a>\n\t\t\t<\/div><\/figure><figure class='gallery-item'>\n\t\t\t<div class='gallery-icon landscape'>\n\t\t\t\t<a href='https:\/\/petrhervy.com\/en\/petrhervir-com-foto-kata-martin-sri-lanka-005\/'><img decoding=\"async\" width=\"200\" height=\"150\" src=\"https:\/\/petrhervy.com\/wp-content\/uploads\/PetrHervir-com-foto-kata-martin-sri-lanka-005-200x150.jpg\" class=\"attachment-thumbnail size-thumbnail\" alt=\"P\u00e1rov\u00e9 focen\u00ed K\u00e1\u0165a a Martin - Sr\u00ed Lanka - Petr Hervir fotograf\" title=\"\"><\/a>\n\t\t\t<\/div><\/figure><figure class='gallery-item'>\n\t\t\t<div class='gallery-icon landscape'>\n\t\t\t\t<a href='https:\/\/petrhervy.com\/en\/petrhervir-com-foto-kata-martin-sri-lanka-004\/'><img loading=\"lazy\" decoding=\"async\" width=\"200\" height=\"150\" src=\"https:\/\/petrhervy.com\/wp-content\/uploads\/PetrHervir-com-foto-kata-martin-sri-lanka-004-200x150.jpg\" class=\"attachment-thumbnail size-thumbnail\" alt=\"P\u00e1rov\u00e9 focen\u00ed K\u00e1\u0165a a Martin - Sr\u00ed Lanka - Petr Hervir fotograf\" title=\"\"><\/a>\n\t\t\t<\/div><\/figure><figure class='gallery-item'>\n\t\t\t<div class='gallery-icon landscape'>\n\t\t\t\t<a href='https:\/\/petrhervy.com\/en\/parove-foceni-kata-martin-sri-lanka\/petrhervir-com-foto-kata-martin-sri-lanka-003\/'><img loading=\"lazy\" decoding=\"async\" width=\"200\" height=\"150\" src=\"https:\/\/petrhervy.com\/wp-content\/uploads\/PetrHervir-com-foto-kata-martin-sri-lanka-003-200x150.jpg\" class=\"attachment-thumbnail size-thumbnail\" alt=\"P\u00e1rov\u00e9 focen\u00ed K\u00e1\u0165a a Martin - Sr\u00ed Lanka - Petr Hervir fotograf\" title=\"\"><\/a>\n\t\t\t<\/div><\/figure><figure class='gallery-item'>\n\t\t\t<div class='gallery-icon landscape'>\n\t\t\t\t<a href='https:\/\/petrhervy.com\/en\/petrhervir-com-foto-kata-martin-sri-lanka-006\/'><img loading=\"lazy\" decoding=\"async\" width=\"200\" height=\"150\" src=\"https:\/\/petrhervy.com\/wp-content\/uploads\/PetrHervir-com-foto-kata-martin-sri-lanka-006-200x150.jpg\" class=\"attachment-thumbnail size-thumbnail\" alt=\"P\u00e1rov\u00e9 focen\u00ed K\u00e1\u0165a a Martin - Sr\u00ed Lanka - Petr Hervir fotograf\" title=\"\"><\/a>\n\t\t\t<\/div><\/figure><figure class='gallery-item'>\n\t\t\t<div class='gallery-icon landscape'>\n\t\t\t\t<a href='https:\/\/petrhervy.com\/en\/petrhervir-com-foto-kata-martin-sri-lanka-007\/'><img loading=\"lazy\" decoding=\"async\" width=\"200\" height=\"150\" src=\"https:\/\/petrhervy.com\/wp-content\/uploads\/PetrHervir-com-foto-kata-martin-sri-lanka-007-200x150.jpg\" class=\"attachment-thumbnail size-thumbnail\" alt=\"P\u00e1rov\u00e9 focen\u00ed K\u00e1\u0165a a Martin - Sr\u00ed Lanka - Petr Hervir fotograf\" title=\"\"><\/a>\n\t\t\t<\/div><\/figure><figure class='gallery-item'>\n\t\t\t<div class='gallery-icon landscape'>\n\t\t\t\t<a href='https:\/\/petrhervy.com\/en\/petrhervir-com-foto-kata-martin-sri-lanka-008\/'><img loading=\"lazy\" decoding=\"async\" width=\"200\" height=\"150\" src=\"https:\/\/petrhervy.com\/wp-content\/uploads\/PetrHervir-com-foto-kata-martin-sri-lanka-008-200x150.jpg\" class=\"attachment-thumbnail size-thumbnail\" alt=\"P\u00e1rov\u00e9 focen\u00ed K\u00e1\u0165a a Martin - Sr\u00ed Lanka - Petr Hervir fotograf\" title=\"\"><\/a>\n\t\t\t<\/div><\/figure>\n\t\t<\/div>\n\n<h3>Pou\u017eit\u00e1 Technika<\/h3>\n<p>Technika na blogu a\u017e na druh\u00e9m m\u00edst\u011b, ale pokud to n\u011bkoho opravdu zaj\u00edm\u00e1 tak &#8211; Sony A6000 + Sony 35mm f1.8 + Sigma 16mm f1.4<\/p>","protected":false},"excerpt":{"rendered":"<p>L\u00e1ska na pl\u00e1\u017ei<\/p>","protected":false},"author":1,"featured_media":895,"comment_status":"open","ping_status":"open","sticky":false,"template":"","format":"standard","meta":{"_acf_changed":false,"footnotes":""},"categories":[23,3,18],"tags":[],"class_list":["post-896","post","type-post","status-publish","format-standard","has-post-thumbnail","hentry","category-fotografie","category-cestovani","category-pary"],"acf":[],"_links":{"self":[{"href":"https:\/\/petrhervy.com\/en\/wp-json\/wp\/v2\/posts\/896","targetHints":{"allow":["GET"]}}],"collection":[{"href":"https:\/\/petrhervy.com\/en\/wp-json\/wp\/v2\/posts"}],"about":[{"href":"https:\/\/petrhervy.com\/en\/wp-json\/wp\/v2\/types\/post"}],"author":[{"embeddable":true,"href":"https:\/\/petrhervy.com\/en\/wp-json\/wp\/v2\/users\/1"}],"replies":[{"embeddable":true,"href":"https:\/\/petrhervy.com\/en\/wp-json\/wp\/v2\/comments?post=896"}],"version-history":[{"count":7,"href":"https:\/\/petrhervy.com\/en\/wp-json\/wp\/v2\/posts\/896\/revisions"}],"predecessor-version":[{"id":1148,"href":"https:\/\/petrhervy.com\/en\/wp-json\/wp\/v2\/posts\/896\/revisions\/1148"}],"wp:featuredmedia":[{"embeddable":true,"href":"https:\/\/petrhervy.com\/en\/wp-json\/wp\/v2\/media\/895"}],"wp:attachment":[{"href":"https:\/\/petrhervy.com\/en\/wp-json\/wp\/v2\/media?parent=896"}],"wp:term":[{"taxonomy":"category","embeddable":true,"href":"https:\/\/petrhervy.com\/en\/wp-json\/wp\/v2\/categories?post=896"},{"taxonomy":"post_tag","embeddable":true,"href":"https:\/\/petrhervy.com\/en\/wp-json\/wp\/v2\/tags?post=896"}],"curies":[{"name":"wp","href":"https:\/\/api.w.org\/{rel}","templated":true}]}}